{"id":19384,"date":"2024-11-13T17:40:35","date_gmt":"2024-11-13T16:40:35","guid":{"rendered":"https:\/\/www.htlwien10.at\/edu\/?p=19384"},"modified":"2024-11-13T17:40:35","modified_gmt":"2024-11-13T16:40:35","slug":"meet","status":"publish","type":"post","link":"https:\/\/www.htlwien10.at\/edu\/index.php\/2024\/11\/13\/meet\/","title":{"rendered":"MEET"},"content":{"rendered":"\n<div class=\"wp-block-media-text alignwide is-stacked-on-mobile\"><figure class=\"wp-block-media-text__media\"><img fetchpriority=\"high\" decoding=\"async\" width=\"494\" height=\"282\" src=\"https:\/\/www.htlwien10.at\/edu\/wp-content\/uploads\/2024\/11\/meet.jpg\" alt=\"\" class=\"wp-image-19385 size-full\" srcset=\"https:\/\/www.htlwien10.at\/edu\/wp-content\/uploads\/2024\/11\/meet.jpg 494w, https:\/\/www.htlwien10.at\/edu\/wp-content\/uploads\/2024\/11\/meet-300x171.jpg 300w\" sizes=\"(max-width: 494px) 100vw, 494px\" \/><\/figure><div class=\"wp-block-media-text__content\">\n<p>Klasse: 4AHEL<\/p>\n\n\n\n<p>Gegenstand: STVT<\/p>\n\n\n\n<p>Datum: Mi. 6.11.2024<\/p>\n\n\n\n<p>Begleitung: Christian P\u00f6llendorfer Andreas Putz<\/p>\n<\/div><\/div>\n\n\n\n<p>Die &#8222;Meet&#8220; ist eine internationale Fachmesse f\u00fcr Veranstaltungstechnik, die alle zwei Jahre in Wien veranstaltet wird, bei der viele nationale und internationale Hersteller sowie Vertretungen ihre aktuellsten Ger\u00e4te der Ver- anstaltungstechnik pr\u00e4sentieren. Auch heuer fand die Meet in der Messe Wien statt, wo neben den vielen Ausstellern auch einige Fachvortr\u00e4ge zu interessanten und topaktuellen Themen stattfanden.<\/p>\n\n\n\n<p>Die gesamte Klasse der 4AHEL und ein Sch\u00fcler der 4BHEL besuchten unter der Leitung von Prof. Putz und unserem Abteilungsvorstand Prof. P\u00f6llendorfer die Fachmesse, die speziell f\u00fcr Sch\u00fcler:innen, die das Wahlmodul STVT (= Studio- und Veranstaltungstechnik) ab der 4. Klasse gew\u00e4hlt haben, wertvolle Einblicke in die Welt der professionellen Eventtechnik bot.<\/p>\n\n\n\n<figure class=\"wp-block-image size-large\"><a href=\"https:\/\/www.htlwien10.at\/edu\/wp-content\/uploads\/2024\/11\/IMG_0179-scaled.jpg\" target=\"_blank\" rel=\"noreferrer noopener\"><img decoding=\"async\" width=\"1024\" height=\"768\" src=\"https:\/\/www.htlwien10.at\/edu\/wp-content\/uploads\/2024\/11\/IMG_0179-1024x768.jpg\" alt=\"\" class=\"wp-image-19386\" srcset=\"https:\/\/www.htlwien10.at\/edu\/wp-content\/uploads\/2024\/11\/IMG_0179-1024x768.jpg 1024w, https:\/\/www.htlwien10.at\/edu\/wp-content\/uploads\/2024\/11\/IMG_0179-300x225.jpg 300w, https:\/\/www.htlwien10.at\/edu\/wp-content\/uploads\/2024\/11\/IMG_0179-768x576.jpg 768w, https:\/\/www.htlwien10.at\/edu\/wp-content\/uploads\/2024\/11\/IMG_0179-1536x1152.jpg 1536w, https:\/\/www.htlwien10.at\/edu\/wp-content\/uploads\/2024\/11\/IMG_0179-2048x1536.jpg 2048w\" sizes=\"(max-width: 1024px) 100vw, 1024px\" \/><\/a><\/figure>\n\n\n\n<p>Nach der feierlichen Er\u00f6ffnung besuchten wir gemeinsam einen Fachvortrag, der sich mit der kompletten Neuinstallation der Beschallungsanlage im Wiener Theaterbetrieb &#8222;Theater an der Wien&#8220; befasste. In diesem Vortrag wurde die Grobplanung, die Konzeption im Bezug auf die hausinternen Herausforderungen und schlussendlich die technische Umsetzung dieses spannenden 3D-Tonsystems erkl\u00e4rt.<\/p>\n\n\n\n<p>Hier ein Foto des Vortragenden:<\/p>\n\n\n\n<figure class=\"wp-block-image size-large\"><a href=\"https:\/\/www.htlwien10.at\/edu\/wp-content\/uploads\/2024\/11\/IMG_0185-scaled.jpg\" target=\"_blank\" rel=\"noreferrer noopener\"><img decoding=\"async\" width=\"1024\" height=\"768\" src=\"https:\/\/www.htlwien10.at\/edu\/wp-content\/uploads\/2024\/11\/IMG_0185-1024x768.jpg\" alt=\"\" class=\"wp-image-19387\" srcset=\"https:\/\/www.htlwien10.at\/edu\/wp-content\/uploads\/2024\/11\/IMG_0185-1024x768.jpg 1024w, https:\/\/www.htlwien10.at\/edu\/wp-content\/uploads\/2024\/11\/IMG_0185-300x225.jpg 300w, https:\/\/www.htlwien10.at\/edu\/wp-content\/uploads\/2024\/11\/IMG_0185-768x576.jpg 768w, https:\/\/www.htlwien10.at\/edu\/wp-content\/uploads\/2024\/11\/IMG_0185-1536x1152.jpg 1536w, https:\/\/www.htlwien10.at\/edu\/wp-content\/uploads\/2024\/11\/IMG_0185-2048x1536.jpg 2048w\" sizes=\"(max-width: 1024px) 100vw, 1024px\" \/><\/a><\/figure>\n\n\n\n<p>Der Tag wurde dann mit einer &#8222;R\u00e4tsel-Rallye abgehalten, bei der die Sch\u00fcler:innen in kleinen Teams zusammengestellt wurden, die eine Vielzahl an Fragen und Aufgabenstellungen zu l\u00f6sen hatten. Es mussten einige Hersteller und Vertriebsfirmen von professioneller Audiotechnik besucht werden, die Auskunft \u00fcber technische Daten bestimmter audiotechnischer Ger\u00e4te geben sollten.<\/p>\n\n\n\n<p>Sehr interessant war dann zu sehen, dass sehr viele Sch\u00fcler:innen jede Menge Infomaterial zu unterschiedlichem Equipment gesammelt haben, um Details \u00fcber bestimmte Ger\u00e4te zu bekommen.<\/p>\n\n\n\n<p>Am Nachmittag gab es dann abschlie\u00dfend eine gemeinsame Feedbackrunde, wo einige R\u00e4tselfragen und die Antworten dazu besprochen wurden. Dadurch haben wir die angesammelten Infos rund um die Fachmesse abrunden k\u00f6nnen und einige technische Details reflektieren k\u00f6nnen.<\/p>\n\n\n\n<p>Der Besuch dieser Fachmesse stellte f\u00fcr die Sch\u00fcler:innen ein inspirierendes Erlebnis dar, und erm\u00f6glichte ein hineinschnuppern in die faszinierende Welt der Live-Veranstaltungstechnik.<\/p>\n\n\n\n<p>Text und Fotos: A. Putz, 13.11.2024<\/p>\n","protected":false},"excerpt":{"rendered":"<p>Die 4AHEL war bei der internationalen Fachmesse f\u00fcr Veranstaltungstechnik.<\/p>\n","protected":false},"author":9,"featured_media":19386,"comment_status":"closed","ping_status":"open","sticky":false,"template":"","format":"standard","meta":[],"categories":[2],"tags":[],"_links":{"self":[{"href":"https:\/\/www.htlwien10.at\/edu\/index.php\/wp-json\/wp\/v2\/posts\/19384"}],"collection":[{"href":"https:\/\/www.htlwien10.at\/edu\/index.php\/wp-json\/wp\/v2\/posts"}],"about":[{"href":"https:\/\/www.htlwien10.at\/edu\/index.php\/wp-json\/wp\/v2\/types\/post"}],"author":[{"embeddable":true,"href":"https:\/\/www.htlwien10.at\/edu\/index.php\/wp-json\/wp\/v2\/users\/9"}],"replies":[{"embeddable":true,"href":"https:\/\/www.htlwien10.at\/edu\/index.php\/wp-json\/wp\/v2\/comments?post=19384"}],"version-history":[{"count":1,"href":"https:\/\/www.htlwien10.at\/edu\/index.php\/wp-json\/wp\/v2\/posts\/19384\/revisions"}],"predecessor-version":[{"id":19388,"href":"https:\/\/www.htlwien10.at\/edu\/index.php\/wp-json\/wp\/v2\/posts\/19384\/revisions\/19388"}],"wp:featuredmedia":[{"embeddable":true,"href":"https:\/\/www.htlwien10.at\/edu\/index.php\/wp-json\/wp\/v2\/media\/19386"}],"wp:attachment":[{"href":"https:\/\/www.htlwien10.at\/edu\/index.php\/wp-json\/wp\/v2\/media?parent=19384"}],"wp:term":[{"taxonomy":"category","embeddable":true,"href":"https:\/\/www.htlwien10.at\/edu\/index.php\/wp-json\/wp\/v2\/categories?post=19384"},{"taxonomy":"post_tag","embeddable":true,"href":"https:\/\/www.htlwien10.at\/edu\/index.php\/wp-json\/wp\/v2\/tags?post=19384"}],"curies":[{"name":"wp","href":"https:\/\/api.w.org\/{rel}","templated":true}]}}